{"id":77272,"date":"2022-05-23T08:21:56","date_gmt":"2022-05-23T07:21:56","guid":{"rendered":"https:\/\/domartstyl.com\/uncategorized\/we-were-at-the-international-fair-of-lighting-equipment\/"},"modified":"2022-05-23T08:21:56","modified_gmt":"2022-05-23T07:21:56","slug":"we-were-at-the-international-fair-of-lighting-equipment","status":"publish","type":"post","link":"https:\/\/domartstyl.com\/en\/informations\/we-were-at-the-international-fair-of-lighting-equipment\/","title":{"rendered":"We were at the International Fair of Lighting Equipment"},"content":{"rendered":"<p>The international lighting fair organized in Warsaw on January 26-28, 2021 is a perfect place for architects and interior designers, investors, producers and distributors, as well as for anyone who is looking for inspiration. We cooperated with the TK LIGHT company, our furniture could be seen at their exhibition stand.<\/p>","protected":false},"excerpt":{"rendered":"<p>The international lighting fair organized in Warsaw on January 26-28, 2021 is a perfect place for architects and interior designers, [&hellip;]<\/p>\n","protected":false},"author":41,"featured_media":74190,"comment_status":"closed","ping_status":"closed","sticky":false,"template":"single-sidebar-none.php","format":"standard","meta":{"footnotes":""},"categories":[8298],"tags":[],"class_list":["post-77272","post","type-post","status-publish","format-standard","has-post-thumbnail","hentry","category-informations"],"yoast_head":"<!-- This site is optimized with the Yoast SEO Premium plugin v25.0 (Yoast SEO v25.0) - https:\/\/yoast.com\/wordpress\/plugins\/seo\/ -->\n<title>We were at the International Fair of Lighting Equipment - DomArtStyl<\/title>\n<meta name=\"description\" content=\"The international lighting fair organized in Warsaw is a perfect place for architects, designers, investors, producers and distributors.\" \/>\n<meta name=\"robots\" content=\"index, follow, max-snippet:-1, max-image-preview:large, max-video-preview:-1\" \/>\n<link rel=\"canonical\" href=\"https:\/\/domartstyl.com\/en\/informations\/we-were-at-the-international-fair-of-lighting-equipment\/\" \/>\n<meta property=\"og:locale\" content=\"en_US\" \/>\n<meta property=\"og:type\" content=\"article\" \/>\n<meta property=\"og:title\" content=\"We were at the International Fair of Lighting Equipment\" \/>\n<meta property=\"og:description\" content=\"The international lighting fair organized in Warsaw is a perfect place for architects, designers, investors, producers and distributors.\" \/>\n<meta property=\"og:url\" content=\"https:\/\/domartstyl.com\/en\/informations\/we-were-at-the-international-fair-of-lighting-equipment\/\" \/>\n<meta property=\"og:site_name\" content=\"DomArtStyl\" \/>\n<meta property=\"article:publisher\" content=\"https:\/\/www.facebook.com\/DomArtStyl\/\" \/>\n<meta property=\"article:published_time\" content=\"2022-05-23T07:21:56+00:00\" \/>\n<meta property=\"og:image\" content=\"https:\/\/domartstyl.com\/wp-content\/uploads\/2022\/01\/targi_swiatlo_domartstyl-e1648018841480.webp\" \/>\n\t<meta property=\"og:image:width\" content=\"1400\" \/>\n\t<meta property=\"og:image:height\" content=\"825\" \/>\n\t<meta property=\"og:image:type\" content=\"image\/webp\" \/>\n<meta name=\"author\" content=\"DomArtStyl\" \/>\n<meta name=\"twitter:card\" content=\"summary_large_image\" \/>\n<meta name=\"twitter:creator\" content=\"@DomArtStyl_pl\" \/>\n<meta name=\"twitter:site\" content=\"@DomArtStyl_pl\" \/>\n<meta name=\"twitter:label1\" content=\"Written by\" \/>\n\t<meta name=\"twitter:data1\" content=\"DomArtStyl\" \/>\n<script type=\"application\/ld+json\" class=\"yoast-schema-graph\">{\"@context\":\"https:\/\/schema.org\",\"@graph\":[{\"@type\":\"Article\",\"@id\":\"https:\/\/domartstyl.com\/en\/informations\/we-were-at-the-international-fair-of-lighting-equipment\/#article\",\"isPartOf\":{\"@id\":\"https:\/\/domartstyl.com\/en\/informations\/we-were-at-the-international-fair-of-lighting-equipment\/\"},\"author\":{\"name\":\"DomArtStyl\",\"@id\":\"https:\/\/domartstyl.com\/en\/#\/schema\/person\/b14aa552a11d2aee689ec2cc7a8d7c68\"},\"headline\":\"We were at the International Fair of Lighting Equipment\",\"datePublished\":\"2022-05-23T07:21:56+00:00\",\"mainEntityOfPage\":{\"@id\":\"https:\/\/domartstyl.com\/en\/informations\/we-were-at-the-international-fair-of-lighting-equipment\/\"},\"wordCount\":58,\"publisher\":{\"@id\":\"https:\/\/domartstyl.com\/en\/#organization\"},\"image\":{\"@id\":\"https:\/\/domartstyl.com\/en\/informations\/we-were-at-the-international-fair-of-lighting-equipment\/#primaryimage\"},\"thumbnailUrl\":\"https:\/\/domartstyl.com\/wp-content\/uploads\/2022\/01\/targi_swiatlo_domartstyl-e1648018841480.webp\",\"articleSection\":[\"Informations\"],\"inLanguage\":\"en-US\"},{\"@type\":\"WebPage\",\"@id\":\"https:\/\/domartstyl.com\/en\/informations\/we-were-at-the-international-fair-of-lighting-equipment\/\",\"url\":\"https:\/\/domartstyl.com\/en\/informations\/we-were-at-the-international-fair-of-lighting-equipment\/\",\"name\":\"We were at the International Fair of Lighting Equipment - DomArtStyl\",\"isPartOf\":{\"@id\":\"https:\/\/domartstyl.com\/en\/#website\"},\"primaryImageOfPage\":{\"@id\":\"https:\/\/domartstyl.com\/en\/informations\/we-were-at-the-international-fair-of-lighting-equipment\/#primaryimage\"},\"image\":{\"@id\":\"https:\/\/domartstyl.com\/en\/informations\/we-were-at-the-international-fair-of-lighting-equipment\/#primaryimage\"},\"thumbnailUrl\":\"https:\/\/domartstyl.com\/wp-content\/uploads\/2022\/01\/targi_swiatlo_domartstyl-e1648018841480.webp\",\"datePublished\":\"2022-05-23T07:21:56+00:00\",\"description\":\"The international lighting fair organized in Warsaw is a perfect place for architects, designers, investors, producers and distributors.\",\"breadcrumb\":{\"@id\":\"https:\/\/domartstyl.com\/en\/informations\/we-were-at-the-international-fair-of-lighting-equipment\/#breadcrumb\"},\"inLanguage\":\"en-US\",\"potentialAction\":[{\"@type\":\"ReadAction\",\"target\":[\"https:\/\/domartstyl.com\/en\/informations\/we-were-at-the-international-fair-of-lighting-equipment\/\"]}]},{\"@type\":\"ImageObject\",\"inLanguage\":\"en-US\",\"@id\":\"https:\/\/domartstyl.com\/en\/informations\/we-were-at-the-international-fair-of-lighting-equipment\/#primaryimage\",\"url\":\"https:\/\/domartstyl.com\/wp-content\/uploads\/2022\/01\/targi_swiatlo_domartstyl-e1648018841480.webp\",\"contentUrl\":\"https:\/\/domartstyl.com\/wp-content\/uploads\/2022\/01\/targi_swiatlo_domartstyl-e1648018841480.webp\",\"width\":1400,\"height\":825},{\"@type\":\"BreadcrumbList\",\"@id\":\"https:\/\/domartstyl.com\/en\/informations\/we-were-at-the-international-fair-of-lighting-equipment\/#breadcrumb\",\"itemListElement\":[{\"@type\":\"ListItem\",\"position\":1,\"name\":\"Strona g\u0142\u00f3wna\",\"item\":\"https:\/\/domartstyl.com\/en\/\"},{\"@type\":\"ListItem\",\"position\":2,\"name\":\"We were at the International Fair of Lighting Equipment\"}]},{\"@type\":\"WebSite\",\"@id\":\"https:\/\/domartstyl.com\/en\/#website\",\"url\":\"https:\/\/domartstyl.com\/en\/\",\"name\":\"DomArtStyl\",\"description\":\"Tworzymy meble najwy\u017cszej jako\u015bci. Sprzeda\u017c detaliczna \u00b7 Sprzeda\u017c hurtowa\",\"publisher\":{\"@id\":\"https:\/\/domartstyl.com\/en\/#organization\"},\"potentialAction\":[{\"@type\":\"SearchAction\",\"target\":{\"@type\":\"EntryPoint\",\"urlTemplate\":\"https:\/\/domartstyl.com\/en\/?s={search_term_string}\"},\"query-input\":{\"@type\":\"PropertyValueSpecification\",\"valueRequired\":true,\"valueName\":\"search_term_string\"}}],\"inLanguage\":\"en-US\"},{\"@type\":\"Organization\",\"@id\":\"https:\/\/domartstyl.com\/en\/#organization\",\"name\":\"DomArtStyl\",\"url\":\"https:\/\/domartstyl.com\/en\/\",\"logo\":{\"@type\":\"ImageObject\",\"inLanguage\":\"en-US\",\"@id\":\"https:\/\/domartstyl.com\/en\/#\/schema\/logo\/image\/\",\"url\":\"https:\/\/domartstyl.com\/wp-content\/uploads\/2018\/04\/Logo_300_width.png\",\"contentUrl\":\"https:\/\/domartstyl.com\/wp-content\/uploads\/2018\/04\/Logo_300_width.png\",\"width\":300,\"height\":140,\"caption\":\"DomArtStyl\"},\"image\":{\"@id\":\"https:\/\/domartstyl.com\/en\/#\/schema\/logo\/image\/\"},\"sameAs\":[\"https:\/\/www.facebook.com\/DomArtStyl\/\",\"https:\/\/x.com\/DomArtStyl_pl\",\"https:\/\/www.instagram.com\/domartstyl\/?hl=en\",\"https:\/\/pl.pinterest.com\/domartstyl01\/\",\"https:\/\/www.youtube.com\/channel\/UCkISSgvMomI6yFFL3JDbLhw\"]},{\"@type\":\"Person\",\"@id\":\"https:\/\/domartstyl.com\/en\/#\/schema\/person\/b14aa552a11d2aee689ec2cc7a8d7c68\",\"name\":\"DomArtStyl\"}]}<\/script>\n<!-- \/ Yoast SEO Premium plugin. -->","yoast_head_json":{"title":"We were at the International Fair of Lighting Equipment - DomArtStyl","description":"The international lighting fair organized in Warsaw is a perfect place for architects, designers, investors, producers and distributors.","robots":{"index":"index","follow":"follow","max-snippet":"max-snippet:-1","max-image-preview":"max-image-preview:large","max-video-preview":"max-video-preview:-1"},"canonical":"https:\/\/domartstyl.com\/en\/informations\/we-were-at-the-international-fair-of-lighting-equipment\/","og_locale":"en_US","og_type":"article","og_title":"We were at the International Fair of Lighting Equipment","og_description":"The international lighting fair organized in Warsaw is a perfect place for architects, designers, investors, producers and distributors.","og_url":"https:\/\/domartstyl.com\/en\/informations\/we-were-at-the-international-fair-of-lighting-equipment\/","og_site_name":"DomArtStyl","article_publisher":"https:\/\/www.facebook.com\/DomArtStyl\/","article_published_time":"2022-05-23T07:21:56+00:00","og_image":[{"width":1400,"height":825,"url":"https:\/\/domartstyl.com\/wp-content\/uploads\/2022\/01\/targi_swiatlo_domartstyl-e1648018841480.webp","type":"image\/webp"}],"author":"DomArtStyl","twitter_card":"summary_large_image","twitter_creator":"@DomArtStyl_pl","twitter_site":"@DomArtStyl_pl","twitter_misc":{"Written by":"DomArtStyl"},"schema":{"@context":"https:\/\/schema.org","@graph":[{"@type":"Article","@id":"https:\/\/domartstyl.com\/en\/informations\/we-were-at-the-international-fair-of-lighting-equipment\/#article","isPartOf":{"@id":"https:\/\/domartstyl.com\/en\/informations\/we-were-at-the-international-fair-of-lighting-equipment\/"},"author":{"name":"DomArtStyl","@id":"https:\/\/domartstyl.com\/en\/#\/schema\/person\/b14aa552a11d2aee689ec2cc7a8d7c68"},"headline":"We were at the International Fair of Lighting Equipment","datePublished":"2022-05-23T07:21:56+00:00","mainEntityOfPage":{"@id":"https:\/\/domartstyl.com\/en\/informations\/we-were-at-the-international-fair-of-lighting-equipment\/"},"wordCount":58,"publisher":{"@id":"https:\/\/domartstyl.com\/en\/#organization"},"image":{"@id":"https:\/\/domartstyl.com\/en\/informations\/we-were-at-the-international-fair-of-lighting-equipment\/#primaryimage"},"thumbnailUrl":"https:\/\/domartstyl.com\/wp-content\/uploads\/2022\/01\/targi_swiatlo_domartstyl-e1648018841480.webp","articleSection":["Informations"],"inLanguage":"en-US"},{"@type":"WebPage","@id":"https:\/\/domartstyl.com\/en\/informations\/we-were-at-the-international-fair-of-lighting-equipment\/","url":"https:\/\/domartstyl.com\/en\/informations\/we-were-at-the-international-fair-of-lighting-equipment\/","name":"We were at the International Fair of Lighting Equipment - DomArtStyl","isPartOf":{"@id":"https:\/\/domartstyl.com\/en\/#website"},"primaryImageOfPage":{"@id":"https:\/\/domartstyl.com\/en\/informations\/we-were-at-the-international-fair-of-lighting-equipment\/#primaryimage"},"image":{"@id":"https:\/\/domartstyl.com\/en\/informations\/we-were-at-the-international-fair-of-lighting-equipment\/#primaryimage"},"thumbnailUrl":"https:\/\/domartstyl.com\/wp-content\/uploads\/2022\/01\/targi_swiatlo_domartstyl-e1648018841480.webp","datePublished":"2022-05-23T07:21:56+00:00","description":"The international lighting fair organized in Warsaw is a perfect place for architects, designers, investors, producers and distributors.","breadcrumb":{"@id":"https:\/\/domartstyl.com\/en\/informations\/we-were-at-the-international-fair-of-lighting-equipment\/#breadcrumb"},"inLanguage":"en-US","potentialAction":[{"@type":"ReadAction","target":["https:\/\/domartstyl.com\/en\/informations\/we-were-at-the-international-fair-of-lighting-equipment\/"]}]},{"@type":"ImageObject","inLanguage":"en-US","@id":"https:\/\/domartstyl.com\/en\/informations\/we-were-at-the-international-fair-of-lighting-equipment\/#primaryimage","url":"https:\/\/domartstyl.com\/wp-content\/uploads\/2022\/01\/targi_swiatlo_domartstyl-e1648018841480.webp","contentUrl":"https:\/\/domartstyl.com\/wp-content\/uploads\/2022\/01\/targi_swiatlo_domartstyl-e1648018841480.webp","width":1400,"height":825},{"@type":"BreadcrumbList","@id":"https:\/\/domartstyl.com\/en\/informations\/we-were-at-the-international-fair-of-lighting-equipment\/#breadcrumb","itemListElement":[{"@type":"ListItem","position":1,"name":"Strona g\u0142\u00f3wna","item":"https:\/\/domartstyl.com\/en\/"},{"@type":"ListItem","position":2,"name":"We were at the International Fair of Lighting Equipment"}]},{"@type":"WebSite","@id":"https:\/\/domartstyl.com\/en\/#website","url":"https:\/\/domartstyl.com\/en\/","name":"DomArtStyl","description":"Tworzymy meble najwy\u017cszej jako\u015bci. Sprzeda\u017c detaliczna \u00b7 Sprzeda\u017c hurtowa","publisher":{"@id":"https:\/\/domartstyl.com\/en\/#organization"},"potentialAction":[{"@type":"SearchAction","target":{"@type":"EntryPoint","urlTemplate":"https:\/\/domartstyl.com\/en\/?s={search_term_string}"},"query-input":{"@type":"PropertyValueSpecification","valueRequired":true,"valueName":"search_term_string"}}],"inLanguage":"en-US"},{"@type":"Organization","@id":"https:\/\/domartstyl.com\/en\/#organization","name":"DomArtStyl","url":"https:\/\/domartstyl.com\/en\/","logo":{"@type":"ImageObject","inLanguage":"en-US","@id":"https:\/\/domartstyl.com\/en\/#\/schema\/logo\/image\/","url":"https:\/\/domartstyl.com\/wp-content\/uploads\/2018\/04\/Logo_300_width.png","contentUrl":"https:\/\/domartstyl.com\/wp-content\/uploads\/2018\/04\/Logo_300_width.png","width":300,"height":140,"caption":"DomArtStyl"},"image":{"@id":"https:\/\/domartstyl.com\/en\/#\/schema\/logo\/image\/"},"sameAs":["https:\/\/www.facebook.com\/DomArtStyl\/","https:\/\/x.com\/DomArtStyl_pl","https:\/\/www.instagram.com\/domartstyl\/?hl=en","https:\/\/pl.pinterest.com\/domartstyl01\/","https:\/\/www.youtube.com\/channel\/UCkISSgvMomI6yFFL3JDbLhw"]},{"@type":"Person","@id":"https:\/\/domartstyl.com\/en\/#\/schema\/person\/b14aa552a11d2aee689ec2cc7a8d7c68","name":"DomArtStyl"}]}},"_links":{"self":[{"href":"https:\/\/domartstyl.com\/en\/wp-json\/wp\/v2\/posts\/77272","targetHints":{"allow":["GET"]}}],"collection":[{"href":"https:\/\/domartstyl.com\/en\/wp-json\/wp\/v2\/posts"}],"about":[{"href":"https:\/\/domartstyl.com\/en\/wp-json\/wp\/v2\/types\/post"}],"author":[{"embeddable":true,"href":"https:\/\/domartstyl.com\/en\/wp-json\/wp\/v2\/users\/41"}],"replies":[{"embeddable":true,"href":"https:\/\/domartstyl.com\/en\/wp-json\/wp\/v2\/comments?post=77272"}],"version-history":[{"count":0,"href":"https:\/\/domartstyl.com\/en\/wp-json\/wp\/v2\/posts\/77272\/revisions"}],"wp:featuredmedia":[{"embeddable":true,"href":"https:\/\/domartstyl.com\/en\/wp-json\/wp\/v2\/media\/74190"}],"wp:attachment":[{"href":"https:\/\/domartstyl.com\/en\/wp-json\/wp\/v2\/media?parent=77272"}],"wp:term":[{"taxonomy":"category","embeddable":true,"href":"https:\/\/domartstyl.com\/en\/wp-json\/wp\/v2\/categories?post=77272"},{"taxonomy":"post_tag","embeddable":true,"href":"https:\/\/domartstyl.com\/en\/wp-json\/wp\/v2\/tags?post=77272"}],"curies":[{"name":"wp","href":"https:\/\/api.w.org\/{rel}","templated":true}]}}