{"id":77238,"date":"2022-05-19T19:46:11","date_gmt":"2022-05-19T18:46:11","guid":{"rendered":"https:\/\/domartstyl.com\/uncategorized\/we-invite-you-to-visit-our-stand-at-the-international-fair-on-may-24-26-2022-we-will-be-at-the-international-index-fair-which-will-be-held-at-the-dubai-world-trade-center-visit-our-stand-stand-5\/"},"modified":"2022-05-19T19:46:11","modified_gmt":"2022-05-19T18:46:11","slug":"we-invite-you-to-visit-our-stand-at-the-international-fair-on-may-24-26-2022-we-will-be-at-the-international-index-fair-which-will-be-held-at-the-dubai-world-trade-center-visit-our-stand-stand-5","status":"publish","type":"post","link":"https:\/\/domartstyl.com\/en\/informations\/we-invite-you-to-visit-our-stand-at-the-international-fair-on-may-24-26-2022-we-will-be-at-the-international-index-fair-which-will-be-held-at-the-dubai-world-trade-center-visit-our-stand-stand-5\/","title":{"rendered":"WE INVITE YOU TO VISIT OUR STAND AT THE INTERNATIONAL FAIR! On May 24-26, 2022, we will be at the international INDEX fair, which will be held at the Dubai World Trade Center! VISIT OUR STAND! STAND 5A221"},"content":{"rendered":"","protected":false},"excerpt":{"rendered":"","protected":false},"author":41,"featured_media":77210,"comment_status":"closed","ping_status":"closed","sticky":false,"template":"single-sidebar-none.php","format":"standard","meta":{"footnotes":""},"categories":[8298],"tags":[],"class_list":["post-77238","post","type-post","status-publish","format-standard","has-post-thumbnail","hentry","category-informations"],"yoast_head":"<!-- This site is optimized with the Yoast SEO Premium plugin v25.0 (Yoast SEO v25.0) - https:\/\/yoast.com\/wordpress\/plugins\/seo\/ -->\n<title>WE INVITE YOU TO VISIT OUR STAND AT THE INTERNATIONAL FAIR! On May 24-26, 2022, we will be at the international INDEX fair, which will be held at the Dubai World Trade Center! VISIT OUR STAND! STAND 5A221 - DomArtStyl<\/title>\n<meta name=\"robots\" content=\"noindex, nofollow\" \/>\n<meta property=\"og:locale\" content=\"en_US\" \/>\n<meta property=\"og:type\" content=\"article\" \/>\n<meta property=\"og:title\" content=\"WE INVITE YOU TO VISIT OUR STAND AT THE INTERNATIONAL FAIR! On May 24-26, 2022, we will be at the international INDEX fair, which will be held at the Dubai World Trade Center! VISIT OUR STAND! STAND 5A221\" \/>\n<meta property=\"og:url\" content=\"https:\/\/domartstyl.com\/en\/informations\/we-invite-you-to-visit-our-stand-at-the-international-fair-on-may-24-26-2022-we-will-be-at-the-international-index-fair-which-will-be-held-at-the-dubai-world-trade-center-visit-our-stand-stand-5\/\" \/>\n<meta property=\"og:site_name\" content=\"DomArtStyl\" \/>\n<meta property=\"article:publisher\" content=\"https:\/\/www.facebook.com\/DomArtStyl\/\" \/>\n<meta property=\"article:published_time\" content=\"2022-05-19T18:46:11+00:00\" \/>\n<meta property=\"og:image\" content=\"https:\/\/domartstyl.com\/wp-content\/uploads\/2022\/05\/du-en-1.png\" \/>\n\t<meta property=\"og:image:width\" content=\"940\" \/>\n\t<meta property=\"og:image:height\" content=\"788\" \/>\n\t<meta property=\"og:image:type\" content=\"image\/png\" \/>\n<meta name=\"author\" content=\"DomArtStyl\" \/>\n<meta name=\"twitter:card\" content=\"summary_large_image\" \/>\n<meta name=\"twitter:creator\" content=\"@DomArtStyl_pl\" \/>\n<meta name=\"twitter:site\" content=\"@DomArtStyl_pl\" \/>\n<meta name=\"twitter:label1\" content=\"Written by\" \/>\n\t<meta name=\"twitter:data1\" content=\"DomArtStyl\" \/>\n<script type=\"application\/ld+json\" class=\"yoast-schema-graph\">{\"@context\":\"https:\/\/schema.org\",\"@graph\":[{\"@type\":\"Article\",\"@id\":\"https:\/\/domartstyl.com\/en\/informations\/we-invite-you-to-visit-our-stand-at-the-international-fair-on-may-24-26-2022-we-will-be-at-the-international-index-fair-which-will-be-held-at-the-dubai-world-trade-center-visit-our-stand-stand-5\/#article\",\"isPartOf\":{\"@id\":\"https:\/\/domartstyl.com\/en\/informations\/we-invite-you-to-visit-our-stand-at-the-international-fair-on-may-24-26-2022-we-will-be-at-the-international-index-fair-which-will-be-held-at-the-dubai-world-trade-center-visit-our-stand-stand-5\/\"},\"author\":{\"name\":\"DomArtStyl\",\"@id\":\"https:\/\/domartstyl.com\/en\/#\/schema\/person\/b14aa552a11d2aee689ec2cc7a8d7c68\"},\"headline\":\"WE INVITE YOU TO VISIT OUR STAND AT THE INTERNATIONAL FAIR! On May 24-26, 2022, we will be at the international INDEX fair, which will be held at the Dubai World Trade Center! VISIT OUR STAND! STAND 5A221\",\"datePublished\":\"2022-05-19T18:46:11+00:00\",\"mainEntityOfPage\":{\"@id\":\"https:\/\/domartstyl.com\/en\/informations\/we-invite-you-to-visit-our-stand-at-the-international-fair-on-may-24-26-2022-we-will-be-at-the-international-index-fair-which-will-be-held-at-the-dubai-world-trade-center-visit-our-stand-stand-5\/\"},\"wordCount\":37,\"publisher\":{\"@id\":\"https:\/\/domartstyl.com\/en\/#organization\"},\"image\":{\"@id\":\"https:\/\/domartstyl.com\/en\/informations\/we-invite-you-to-visit-our-stand-at-the-international-fair-on-may-24-26-2022-we-will-be-at-the-international-index-fair-which-will-be-held-at-the-dubai-world-trade-center-visit-our-stand-stand-5\/#primaryimage\"},\"thumbnailUrl\":\"https:\/\/domartstyl.com\/wp-content\/uploads\/2022\/05\/du-en-1.png\",\"articleSection\":[\"Informations\"],\"inLanguage\":\"en-US\"},{\"@type\":\"WebPage\",\"@id\":\"https:\/\/domartstyl.com\/en\/informations\/we-invite-you-to-visit-our-stand-at-the-international-fair-on-may-24-26-2022-we-will-be-at-the-international-index-fair-which-will-be-held-at-the-dubai-world-trade-center-visit-our-stand-stand-5\/\",\"url\":\"https:\/\/domartstyl.com\/en\/informations\/we-invite-you-to-visit-our-stand-at-the-international-fair-on-may-24-26-2022-we-will-be-at-the-international-index-fair-which-will-be-held-at-the-dubai-world-trade-center-visit-our-stand-stand-5\/\",\"name\":\"WE INVITE YOU TO VISIT OUR STAND AT THE INTERNATIONAL FAIR! On May 24-26, 2022, we will be at the international INDEX fair, which will be held at the Dubai World Trade Center! VISIT OUR STAND! STAND 5A221 - DomArtStyl\",\"isPartOf\":{\"@id\":\"https:\/\/domartstyl.com\/en\/#website\"},\"primaryImageOfPage\":{\"@id\":\"https:\/\/domartstyl.com\/en\/informations\/we-invite-you-to-visit-our-stand-at-the-international-fair-on-may-24-26-2022-we-will-be-at-the-international-index-fair-which-will-be-held-at-the-dubai-world-trade-center-visit-our-stand-stand-5\/#primaryimage\"},\"image\":{\"@id\":\"https:\/\/domartstyl.com\/en\/informations\/we-invite-you-to-visit-our-stand-at-the-international-fair-on-may-24-26-2022-we-will-be-at-the-international-index-fair-which-will-be-held-at-the-dubai-world-trade-center-visit-our-stand-stand-5\/#primaryimage\"},\"thumbnailUrl\":\"https:\/\/domartstyl.com\/wp-content\/uploads\/2022\/05\/du-en-1.png\",\"datePublished\":\"2022-05-19T18:46:11+00:00\",\"breadcrumb\":{\"@id\":\"https:\/\/domartstyl.com\/en\/informations\/we-invite-you-to-visit-our-stand-at-the-international-fair-on-may-24-26-2022-we-will-be-at-the-international-index-fair-which-will-be-held-at-the-dubai-world-trade-center-visit-our-stand-stand-5\/#breadcrumb\"},\"inLanguage\":\"en-US\",\"potentialAction\":[{\"@type\":\"ReadAction\",\"target\":[\"https:\/\/domartstyl.com\/en\/informations\/we-invite-you-to-visit-our-stand-at-the-international-fair-on-may-24-26-2022-we-will-be-at-the-international-index-fair-which-will-be-held-at-the-dubai-world-trade-center-visit-our-stand-stand-5\/\"]}]},{\"@type\":\"ImageObject\",\"inLanguage\":\"en-US\",\"@id\":\"https:\/\/domartstyl.com\/en\/informations\/we-invite-you-to-visit-our-stand-at-the-international-fair-on-may-24-26-2022-we-will-be-at-the-international-index-fair-which-will-be-held-at-the-dubai-world-trade-center-visit-our-stand-stand-5\/#primaryimage\",\"url\":\"https:\/\/domartstyl.com\/wp-content\/uploads\/2022\/05\/du-en-1.png\",\"contentUrl\":\"https:\/\/domartstyl.com\/wp-content\/uploads\/2022\/05\/du-en-1.png\",\"width\":940,\"height\":788},{\"@type\":\"BreadcrumbList\",\"@id\":\"https:\/\/domartstyl.com\/en\/informations\/we-invite-you-to-visit-our-stand-at-the-international-fair-on-may-24-26-2022-we-will-be-at-the-international-index-fair-which-will-be-held-at-the-dubai-world-trade-center-visit-our-stand-stand-5\/#breadcrumb\",\"itemListElement\":[{\"@type\":\"ListItem\",\"position\":1,\"name\":\"Strona g\u0142\u00f3wna\",\"item\":\"https:\/\/domartstyl.com\/en\/\"},{\"@type\":\"ListItem\",\"position\":2,\"name\":\"WE INVITE YOU TO VISIT OUR STAND AT THE INTERNATIONAL FAIR! On May 24-26, 2022, we will be at the international INDEX fair, which will be held at the Dubai World Trade Center! VISIT OUR STAND! STAND 5A221\"}]},{\"@type\":\"WebSite\",\"@id\":\"https:\/\/domartstyl.com\/en\/#website\",\"url\":\"https:\/\/domartstyl.com\/en\/\",\"name\":\"DomArtStyl\",\"description\":\"Tworzymy meble najwy\u017cszej jako\u015bci. Sprzeda\u017c detaliczna \u00b7 Sprzeda\u017c hurtowa\",\"publisher\":{\"@id\":\"https:\/\/domartstyl.com\/en\/#organization\"},\"potentialAction\":[{\"@type\":\"SearchAction\",\"target\":{\"@type\":\"EntryPoint\",\"urlTemplate\":\"https:\/\/domartstyl.com\/en\/?s={search_term_string}\"},\"query-input\":{\"@type\":\"PropertyValueSpecification\",\"valueRequired\":true,\"valueName\":\"search_term_string\"}}],\"inLanguage\":\"en-US\"},{\"@type\":\"Organization\",\"@id\":\"https:\/\/domartstyl.com\/en\/#organization\",\"name\":\"DomArtStyl\",\"url\":\"https:\/\/domartstyl.com\/en\/\",\"logo\":{\"@type\":\"ImageObject\",\"inLanguage\":\"en-US\",\"@id\":\"https:\/\/domartstyl.com\/en\/#\/schema\/logo\/image\/\",\"url\":\"https:\/\/domartstyl.com\/wp-content\/uploads\/2018\/04\/Logo_300_width.png\",\"contentUrl\":\"https:\/\/domartstyl.com\/wp-content\/uploads\/2018\/04\/Logo_300_width.png\",\"width\":300,\"height\":140,\"caption\":\"DomArtStyl\"},\"image\":{\"@id\":\"https:\/\/domartstyl.com\/en\/#\/schema\/logo\/image\/\"},\"sameAs\":[\"https:\/\/www.facebook.com\/DomArtStyl\/\",\"https:\/\/x.com\/DomArtStyl_pl\",\"https:\/\/www.instagram.com\/domartstyl\/?hl=en\",\"https:\/\/pl.pinterest.com\/domartstyl01\/\",\"https:\/\/www.youtube.com\/channel\/UCkISSgvMomI6yFFL3JDbLhw\"]},{\"@type\":\"Person\",\"@id\":\"https:\/\/domartstyl.com\/en\/#\/schema\/person\/b14aa552a11d2aee689ec2cc7a8d7c68\",\"name\":\"DomArtStyl\"}]}<\/script>\n<!-- \/ Yoast SEO Premium plugin. -->","yoast_head_json":{"title":"WE INVITE YOU TO VISIT OUR STAND AT THE INTERNATIONAL FAIR! On May 24-26, 2022, we will be at the international INDEX fair, which will be held at the Dubai World Trade Center! VISIT OUR STAND! STAND 5A221 - DomArtStyl","robots":{"index":"noindex","follow":"nofollow"},"og_locale":"en_US","og_type":"article","og_title":"WE INVITE YOU TO VISIT OUR STAND AT THE INTERNATIONAL FAIR! On May 24-26, 2022, we will be at the international INDEX fair, which will be held at the Dubai World Trade Center! VISIT OUR STAND! STAND 5A221","og_url":"https:\/\/domartstyl.com\/en\/informations\/we-invite-you-to-visit-our-stand-at-the-international-fair-on-may-24-26-2022-we-will-be-at-the-international-index-fair-which-will-be-held-at-the-dubai-world-trade-center-visit-our-stand-stand-5\/","og_site_name":"DomArtStyl","article_publisher":"https:\/\/www.facebook.com\/DomArtStyl\/","article_published_time":"2022-05-19T18:46:11+00:00","og_image":[{"width":940,"height":788,"url":"https:\/\/domartstyl.com\/wp-content\/uploads\/2022\/05\/du-en-1.png","type":"image\/png"}],"author":"DomArtStyl","twitter_card":"summary_large_image","twitter_creator":"@DomArtStyl_pl","twitter_site":"@DomArtStyl_pl","twitter_misc":{"Written by":"DomArtStyl"},"schema":{"@context":"https:\/\/schema.org","@graph":[{"@type":"Article","@id":"https:\/\/domartstyl.com\/en\/informations\/we-invite-you-to-visit-our-stand-at-the-international-fair-on-may-24-26-2022-we-will-be-at-the-international-index-fair-which-will-be-held-at-the-dubai-world-trade-center-visit-our-stand-stand-5\/#article","isPartOf":{"@id":"https:\/\/domartstyl.com\/en\/informations\/we-invite-you-to-visit-our-stand-at-the-international-fair-on-may-24-26-2022-we-will-be-at-the-international-index-fair-which-will-be-held-at-the-dubai-world-trade-center-visit-our-stand-stand-5\/"},"author":{"name":"DomArtStyl","@id":"https:\/\/domartstyl.com\/en\/#\/schema\/person\/b14aa552a11d2aee689ec2cc7a8d7c68"},"headline":"WE INVITE YOU TO VISIT OUR STAND AT THE INTERNATIONAL FAIR! On May 24-26, 2022, we will be at the international INDEX fair, which will be held at the Dubai World Trade Center! VISIT OUR STAND! STAND 5A221","datePublished":"2022-05-19T18:46:11+00:00","mainEntityOfPage":{"@id":"https:\/\/domartstyl.com\/en\/informations\/we-invite-you-to-visit-our-stand-at-the-international-fair-on-may-24-26-2022-we-will-be-at-the-international-index-fair-which-will-be-held-at-the-dubai-world-trade-center-visit-our-stand-stand-5\/"},"wordCount":37,"publisher":{"@id":"https:\/\/domartstyl.com\/en\/#organization"},"image":{"@id":"https:\/\/domartstyl.com\/en\/informations\/we-invite-you-to-visit-our-stand-at-the-international-fair-on-may-24-26-2022-we-will-be-at-the-international-index-fair-which-will-be-held-at-the-dubai-world-trade-center-visit-our-stand-stand-5\/#primaryimage"},"thumbnailUrl":"https:\/\/domartstyl.com\/wp-content\/uploads\/2022\/05\/du-en-1.png","articleSection":["Informations"],"inLanguage":"en-US"},{"@type":"WebPage","@id":"https:\/\/domartstyl.com\/en\/informations\/we-invite-you-to-visit-our-stand-at-the-international-fair-on-may-24-26-2022-we-will-be-at-the-international-index-fair-which-will-be-held-at-the-dubai-world-trade-center-visit-our-stand-stand-5\/","url":"https:\/\/domartstyl.com\/en\/informations\/we-invite-you-to-visit-our-stand-at-the-international-fair-on-may-24-26-2022-we-will-be-at-the-international-index-fair-which-will-be-held-at-the-dubai-world-trade-center-visit-our-stand-stand-5\/","name":"WE INVITE YOU TO VISIT OUR STAND AT THE INTERNATIONAL FAIR! On May 24-26, 2022, we will be at the international INDEX fair, which will be held at the Dubai World Trade Center! VISIT OUR STAND! STAND 5A221 - DomArtStyl","isPartOf":{"@id":"https:\/\/domartstyl.com\/en\/#website"},"primaryImageOfPage":{"@id":"https:\/\/domartstyl.com\/en\/informations\/we-invite-you-to-visit-our-stand-at-the-international-fair-on-may-24-26-2022-we-will-be-at-the-international-index-fair-which-will-be-held-at-the-dubai-world-trade-center-visit-our-stand-stand-5\/#primaryimage"},"image":{"@id":"https:\/\/domartstyl.com\/en\/informations\/we-invite-you-to-visit-our-stand-at-the-international-fair-on-may-24-26-2022-we-will-be-at-the-international-index-fair-which-will-be-held-at-the-dubai-world-trade-center-visit-our-stand-stand-5\/#primaryimage"},"thumbnailUrl":"https:\/\/domartstyl.com\/wp-content\/uploads\/2022\/05\/du-en-1.png","datePublished":"2022-05-19T18:46:11+00:00","breadcrumb":{"@id":"https:\/\/domartstyl.com\/en\/informations\/we-invite-you-to-visit-our-stand-at-the-international-fair-on-may-24-26-2022-we-will-be-at-the-international-index-fair-which-will-be-held-at-the-dubai-world-trade-center-visit-our-stand-stand-5\/#breadcrumb"},"inLanguage":"en-US","potentialAction":[{"@type":"ReadAction","target":["https:\/\/domartstyl.com\/en\/informations\/we-invite-you-to-visit-our-stand-at-the-international-fair-on-may-24-26-2022-we-will-be-at-the-international-index-fair-which-will-be-held-at-the-dubai-world-trade-center-visit-our-stand-stand-5\/"]}]},{"@type":"ImageObject","inLanguage":"en-US","@id":"https:\/\/domartstyl.com\/en\/informations\/we-invite-you-to-visit-our-stand-at-the-international-fair-on-may-24-26-2022-we-will-be-at-the-international-index-fair-which-will-be-held-at-the-dubai-world-trade-center-visit-our-stand-stand-5\/#primaryimage","url":"https:\/\/domartstyl.com\/wp-content\/uploads\/2022\/05\/du-en-1.png","contentUrl":"https:\/\/domartstyl.com\/wp-content\/uploads\/2022\/05\/du-en-1.png","width":940,"height":788},{"@type":"BreadcrumbList","@id":"https:\/\/domartstyl.com\/en\/informations\/we-invite-you-to-visit-our-stand-at-the-international-fair-on-may-24-26-2022-we-will-be-at-the-international-index-fair-which-will-be-held-at-the-dubai-world-trade-center-visit-our-stand-stand-5\/#breadcrumb","itemListElement":[{"@type":"ListItem","position":1,"name":"Strona g\u0142\u00f3wna","item":"https:\/\/domartstyl.com\/en\/"},{"@type":"ListItem","position":2,"name":"WE INVITE YOU TO VISIT OUR STAND AT THE INTERNATIONAL FAIR! On May 24-26, 2022, we will be at the international INDEX fair, which will be held at the Dubai World Trade Center! VISIT OUR STAND! STAND 5A221"}]},{"@type":"WebSite","@id":"https:\/\/domartstyl.com\/en\/#website","url":"https:\/\/domartstyl.com\/en\/","name":"DomArtStyl","description":"Tworzymy meble najwy\u017cszej jako\u015bci. Sprzeda\u017c detaliczna \u00b7 Sprzeda\u017c hurtowa","publisher":{"@id":"https:\/\/domartstyl.com\/en\/#organization"},"potentialAction":[{"@type":"SearchAction","target":{"@type":"EntryPoint","urlTemplate":"https:\/\/domartstyl.com\/en\/?s={search_term_string}"},"query-input":{"@type":"PropertyValueSpecification","valueRequired":true,"valueName":"search_term_string"}}],"inLanguage":"en-US"},{"@type":"Organization","@id":"https:\/\/domartstyl.com\/en\/#organization","name":"DomArtStyl","url":"https:\/\/domartstyl.com\/en\/","logo":{"@type":"ImageObject","inLanguage":"en-US","@id":"https:\/\/domartstyl.com\/en\/#\/schema\/logo\/image\/","url":"https:\/\/domartstyl.com\/wp-content\/uploads\/2018\/04\/Logo_300_width.png","contentUrl":"https:\/\/domartstyl.com\/wp-content\/uploads\/2018\/04\/Logo_300_width.png","width":300,"height":140,"caption":"DomArtStyl"},"image":{"@id":"https:\/\/domartstyl.com\/en\/#\/schema\/logo\/image\/"},"sameAs":["https:\/\/www.facebook.com\/DomArtStyl\/","https:\/\/x.com\/DomArtStyl_pl","https:\/\/www.instagram.com\/domartstyl\/?hl=en","https:\/\/pl.pinterest.com\/domartstyl01\/","https:\/\/www.youtube.com\/channel\/UCkISSgvMomI6yFFL3JDbLhw"]},{"@type":"Person","@id":"https:\/\/domartstyl.com\/en\/#\/schema\/person\/b14aa552a11d2aee689ec2cc7a8d7c68","name":"DomArtStyl"}]}},"_links":{"self":[{"href":"https:\/\/domartstyl.com\/en\/wp-json\/wp\/v2\/posts\/77238","targetHints":{"allow":["GET"]}}],"collection":[{"href":"https:\/\/domartstyl.com\/en\/wp-json\/wp\/v2\/posts"}],"about":[{"href":"https:\/\/domartstyl.com\/en\/wp-json\/wp\/v2\/types\/post"}],"author":[{"embeddable":true,"href":"https:\/\/domartstyl.com\/en\/wp-json\/wp\/v2\/users\/41"}],"replies":[{"embeddable":true,"href":"https:\/\/domartstyl.com\/en\/wp-json\/wp\/v2\/comments?post=77238"}],"version-history":[{"count":0,"href":"https:\/\/domartstyl.com\/en\/wp-json\/wp\/v2\/posts\/77238\/revisions"}],"wp:featuredmedia":[{"embeddable":true,"href":"https:\/\/domartstyl.com\/en\/wp-json\/wp\/v2\/media\/77210"}],"wp:attachment":[{"href":"https:\/\/domartstyl.com\/en\/wp-json\/wp\/v2\/media?parent=77238"}],"wp:term":[{"taxonomy":"category","embeddable":true,"href":"https:\/\/domartstyl.com\/en\/wp-json\/wp\/v2\/categories?post=77238"},{"taxonomy":"post_tag","embeddable":true,"href":"https:\/\/domartstyl.com\/en\/wp-json\/wp\/v2\/tags?post=77238"}],"curies":[{"name":"wp","href":"https:\/\/api.w.org\/{rel}","templated":true}]}}